{"id":391,"__str__":"Projeto de Resolu\u00e7\u00e3o n\u00ba 3 de 2022","link_detail_backend":"/materia/391","metadata":{},"numero":3,"ano":2022,"numero_protocolo":null,"data_apresentacao":"2022-07-20","tipo_apresentacao":"E","data_publicacao":null,"numero_origem_externa":"","ano_origem_externa":null,"data_origem_externa":null,"apelido":"","dias_prazo":null,"data_fim_prazo":null,"em_tramitacao":false,"polemica":false,"objeto":"","complementar":false,"ementa":"PROJETO DE RESOLU\u00c7\u00c3O N\u00ba.  003/2022 de 20 de julho de 2022.\r\n\u201cCria denomina\u00e7\u00e3o ao Plen\u00e1rio da C\u00e2mara Municipal de Piedade de Ponte Nova e d\u00e1 outras provid\u00eancias.\u201d","indexacao":"PROJETO DE RESOLU\u00c7\u00c3O N\u00ba.  003/2022 de 20 de julho de 2022.\r\n\u201cCria denomina\u00e7\u00e3o ao Plen\u00e1rio da C\u00e2mara Municipal de Piedade de Ponte Nova e d\u00e1 outras provid\u00eancias.\u201d","observacao":"","resultado":"","texto_original":"http://sapl.piedadedepontenova.mg.leg.br/media/sapl/public/materialegislativa/2022/391/justificativa_ao_projeto_de_resolucao_no.docx","data_ultima_atualizacao":"2022-08-25T14:25:01.467548-03:00","ip":"170.83.70.167","ultima_edicao":"2022-08-25T14:23:05.493167-03:00","tipo":11,"regime_tramitacao":1,"tipo_origem_externa":null,"local_origem_externa":null,"user":1,"anexadas":[],"autores":[23]}