{"id":363,"__str__":"Mo\u00e7\u00e3o de Pesar n\u00ba 1 de 2022","link_detail_backend":"/materia/363","metadata":{},"numero":1,"ano":2022,"numero_protocolo":null,"data_apresentacao":"2022-03-08","tipo_apresentacao":"O","data_publicacao":null,"numero_origem_externa":"","ano_origem_externa":null,"data_origem_externa":null,"apelido":"","dias_prazo":null,"data_fim_prazo":null,"em_tramitacao":false,"polemica":false,"objeto":"","complementar":false,"ementa":"Mo\u00e7\u00e3o de Pesar \u00e0 fam\u00edlia enlutada da Sr.\u00aa Maria Ant\u00f4nia de S\u00e1 ( Dona Preta)","indexacao":"Mo\u00e7\u00e3o de Pesar \u00e0 fam\u00edlia enlutada da Sr.\u00aa Maria Ant\u00f4nia de S\u00e1 ( Dona Preta)","observacao":"","resultado":"","texto_original":"http://sapl.piedadedepontenova.mg.leg.br/media/sapl/public/materialegislativa/2022/363/renato-mocao_de_pesar-01_de_2022.pdf","data_ultima_atualizacao":"2024-08-19T15:31:28.554061-03:00","ip":"143.202.53.100","ultima_edicao":"2024-08-19T15:31:28.400110-03:00","tipo":8,"regime_tramitacao":1,"tipo_origem_externa":null,"local_origem_externa":null,"user":1,"anexadas":[],"autores":[22]}