{"id":330,"__str__":"Mo\u00e7\u00e3o de Pesar n\u00ba 7 de 2021","link_detail_backend":"/materia/330","metadata":{},"numero":7,"ano":2021,"numero_protocolo":null,"data_apresentacao":"2021-09-02","tipo_apresentacao":"E","data_publicacao":null,"numero_origem_externa":"","ano_origem_externa":null,"data_origem_externa":null,"apelido":"","dias_prazo":null,"data_fim_prazo":null,"em_tramitacao":false,"polemica":false,"objeto":"","complementar":false,"ementa":"Mo\u00e7\u00e3o de Pesar n\u00ba 007/2021\r\nOs Vereadores, que a presente subscrevem, com assento nesta Egr\u00e9gia Casa de Leis, v\u00eam atrav\u00e9s desta, ap\u00f3s ouvido o Plen\u00e1rio, manifestar sua solidariedade e encaminhar a presente MO\u00c7\u00c3O DE PESAR \u00e0 Fam\u00edlia, pelo falecimento do  Sr. \tJOS\u00c9 DE SOUZA BOSEJA, ocorrido em 09 de Janeiro de 2021.","indexacao":"Mo\u00e7\u00e3o de Pesar n\u00ba 007/2021\r\nOs Vereadores, que a presente subscrevem, com assento nesta Egr\u00e9gia Casa de Leis, v\u00eam atrav\u00e9s desta, ap\u00f3s ouvido o Plen\u00e1rio, manifestar sua solidariedade e encaminhar a presente MO\u00c7\u00c3O DE PESAR \u00e0 Fam\u00edlia, pelo falecimento do  Sr. \tJOS\u00c9 DE SOUZA BOSEJA, ocorrido em 09 de Janeiro de 2021.","observacao":"","resultado":"","texto_original":"http://sapl.piedadedepontenova.mg.leg.br/media/sapl/public/materialegislativa/2021/330/renato-mocao_de_pesar-07_de_2021.pdf","data_ultima_atualizacao":"2024-08-15T14:28:43.894886-03:00","ip":"170.83.69.120","ultima_edicao":"2024-08-15T14:28:43.701105-03:00","tipo":8,"regime_tramitacao":1,"tipo_origem_externa":null,"local_origem_externa":null,"user":1,"anexadas":[],"autores":[22]}