{"id":324,"__str__":"Projeto de Lei Ordin\u00e1ria n\u00ba 17 de 2021","link_detail_backend":"/materia/324","metadata":{},"numero":17,"ano":2021,"numero_protocolo":null,"data_apresentacao":"2021-08-10","tipo_apresentacao":"E","data_publicacao":null,"numero_origem_externa":"","ano_origem_externa":null,"data_origem_externa":null,"apelido":"","dias_prazo":null,"data_fim_prazo":null,"em_tramitacao":false,"polemica":true,"objeto":"","complementar":false,"ementa":"Projeto de Lei N\u00ba  017/ 2021\r\nDisp\u00f5e sobre a fixa\u00e7\u00e3o dos subs\u00eddios dos Vereadores e Presidente da C\u00e2mara Municipal de Piedade de Ponte Nova, para a Legislatura 2025/2028 e d\u00e1 outras provid\u00eancias.","indexacao":"Disp\u00f5e sobre a fixa\u00e7\u00e3o dos subs\u00eddios dos Vereadores e Presidente da C\u00e2mara Municipal de Piedade de Ponte Nova, para a Legislatura 2025/2028 e d\u00e1 outras provid\u00eancias.","observacao":"","resultado":"","texto_original":"http://sapl.piedadedepontenova.mg.leg.br/media/sapl/public/materialegislativa/2021/324/projeto_de_lei_subsidio__vereador_1.docx","data_ultima_atualizacao":"2021-08-27T15:47:33.772966-03:00","ip":"131.100.41.212","ultima_edicao":"2021-08-10T15:51:13.587161-03:00","tipo":15,"regime_tramitacao":1,"tipo_origem_externa":null,"local_origem_externa":null,"user":1,"anexadas":[],"autores":[28]}