{"id":247,"__str__":"Mo\u00e7\u00e3o de Pesar n\u00ba 6 de 2020","link_detail_backend":"/materia/247","metadata":{},"numero":6,"ano":2020,"numero_protocolo":null,"data_apresentacao":"2020-08-25","tipo_apresentacao":"E","data_publicacao":null,"numero_origem_externa":"","ano_origem_externa":null,"data_origem_externa":null,"apelido":"","dias_prazo":null,"data_fim_prazo":null,"em_tramitacao":false,"polemica":false,"objeto":"","complementar":false,"ementa":"Mo\u00e7\u00e3o de Pesar n\u00ba 006/2020\r\nOs Vereadores, que a presente subscrevem, com assento nesta Egr\u00e9gia Casa de Leis, v\u00eam atrav\u00e9s desta, ap\u00f3s ouvido o Plen\u00e1rio, manifestar sua solidariedade e encaminhar a presente MO\u00c7\u00c3O DE PESAR \u00e0 Fam\u00edlia, pelo falecimento da Sr\u00aa. Ana da Anuncia\u00e7\u00e3o Soares ocorrido em 24 de Maio de 2020.\r\n\r\n\r\nMensagem\r\nFaleceu em 24 de maio do corrente ano, a Sr\u00aa Ana da Anuncia\u00e7\u00e3o Soares, deixando enlutados os filhos Jos\u00e9 Graciano Soares,  Sebasti\u00e3o Ventura Soares,  Alberico Vieira Soares, Maria Aparecida Soares, Ermelindo Vieira e Maria Marta Gonzaga, seus 09 netos e 13 bisnetos. \r\nPessoa bastante conhecida, cresceu no seio de uma fam\u00edlia respeitada pela conduta exemplar e \u00e9tica. Atuante na sociedade local, vi\u00fava do saudoso Sr. Francisco Vieira Soares, tendo sempre uma conduta honrada, tendo ao longo de sua  vida  feito muitos amigos, deixando desolados seus familiares, amigos e conhecidos.\r\nAos seus familiares, nossas sinceras condol\u00eancias reiterando que esta C\u00e2mara n\u00e3o poderia deix","indexacao":"condol\u00eancias Ana da Anuncia\u00e7\u00e3o Soares","observacao":"","resultado":"","texto_original":"http://sapl.piedadedepontenova.mg.leg.br/media/sapl/public/materialegislativa/2020/247/mocao_de_pesar_no_006_ireni_gessi_de_souza_martins.doc","data_ultima_atualizacao":"2020-08-31T15:31:46.792005-03:00","ip":"170.83.71.91","ultima_edicao":"2020-08-25T12:55:03.238601-03:00","tipo":8,"regime_tramitacao":1,"tipo_origem_externa":null,"local_origem_externa":null,"user":1,"anexadas":[],"autores":[9]}