{"id":241,"__str__":"Mo\u00e7\u00e3o de Pesar n\u00ba 4 de 2020","link_detail_backend":"/materia/241","metadata":{},"numero":4,"ano":2020,"numero_protocolo":null,"data_apresentacao":"2020-06-17","tipo_apresentacao":"E","data_publicacao":null,"numero_origem_externa":"","ano_origem_externa":null,"data_origem_externa":null,"apelido":"","dias_prazo":null,"data_fim_prazo":null,"em_tramitacao":false,"polemica":false,"objeto":"","complementar":false,"ementa":"Mo\u00e7\u00e3o de Pesar n\u00ba 004/2020\r\nOs Vereadores, que a presente subscrevem, com assento nesta Egr\u00e9gia Casa de Leis, v\u00eam atrav\u00e9s desta, ap\u00f3s ouvido o Plen\u00e1rio, manifestar sua solidariedade e encaminhar a presente MO\u00c7\u00c3O DE PESAR \u00e0 Fam\u00edlia, pelo falecimento do Sr. Vanes Ferreira ocorrido em 20 de Maio de 2020.","indexacao":"Mo\u00e7\u00e3o de Pesar n\u00ba 004/2020\r\nOs Vereadores, que a presente subscrevem, com assento nesta Egr\u00e9gia Casa de Leis, v\u00eam atrav\u00e9s desta, ap\u00f3s ouvido o Plen\u00e1rio, manifestar sua solidariedade e encaminhar a presente MO\u00c7\u00c3O DE PESAR \u00e0 Fam\u00edlia, pelo falecimento do Sr. Vanes Ferreira ocorrido em 20 de Maio de 2020.","observacao":"","resultado":"","texto_original":"http://sapl.piedadedepontenova.mg.leg.br/media/sapl/public/materialegislativa/2020/241/mocao_de_pesar_no_004-_vanes_ferreira.doc","data_ultima_atualizacao":"2020-08-31T15:33:28.120074-03:00","ip":"143.202.52.103","ultima_edicao":"2020-06-17T15:02:01.243342-03:00","tipo":8,"regime_tramitacao":1,"tipo_origem_externa":null,"local_origem_externa":null,"user":1,"anexadas":[],"autores":[9]}