{"id":238,"__str__":"Mo\u00e7\u00e3o de Pesar n\u00ba 1 de 2020","link_detail_backend":"/materia/238","metadata":{},"numero":1,"ano":2020,"numero_protocolo":null,"data_apresentacao":"2020-06-17","tipo_apresentacao":"E","data_publicacao":null,"numero_origem_externa":"","ano_origem_externa":null,"data_origem_externa":null,"apelido":"","dias_prazo":null,"data_fim_prazo":null,"em_tramitacao":false,"polemica":false,"objeto":"","complementar":null,"ementa":"Mo\u00e7\u00e3o de Pesar n\u00ba 001/2020\r\nOs Vereadores, que a presente subscrevem, com assento nesta Egr\u00e9gia Casa de Leis, v\u00eam atrav\u00e9s desta, ap\u00f3s ouvido o Plen\u00e1rio, manifestar sua solidariedade e encaminhar a presente MO\u00c7\u00c3O DE PESAR \u00e0 Fam\u00edlia, pelo falecimento do Sr. FRANCISCO TOMAZ IZID\u00d3RIO  ocorrido em 14 de Mar\u00e7o de 2020.","indexacao":"pesares fam\u00edlia Izid\u00f3rio","observacao":"","resultado":"","texto_original":"http://sapl.piedadedepontenova.mg.leg.br/media/sapl/public/materialegislativa/2020/238/mocao_de_pesar_no_001_francisco_tomaz_izidorio.doc","data_ultima_atualizacao":"2020-08-31T15:35:47.785297-03:00","ip":"143.202.52.103","ultima_edicao":"2020-06-17T14:50:25.898622-03:00","tipo":8,"regime_tramitacao":1,"tipo_origem_externa":null,"local_origem_externa":null,"user":1,"anexadas":[],"autores":[9]}