{"id":218,"__str__":"Projeto de Lei Ordin\u00e1ria n\u00ba 2 de 2020","link_detail_backend":"/materia/218","metadata":{},"numero":2,"ano":2020,"numero_protocolo":null,"data_apresentacao":"2020-01-21","tipo_apresentacao":"E","data_publicacao":null,"numero_origem_externa":"","ano_origem_externa":null,"data_origem_externa":null,"apelido":"","dias_prazo":null,"data_fim_prazo":null,"em_tramitacao":false,"polemica":null,"objeto":"","complementar":null,"ementa":"PROJETO DE LEI N\u00ba  02/2020\r\nAtualiza o valor dos subs\u00eddios dos agentes pol\u00edticos municipais. e d\u00e1 outras provid\u00eancias.","indexacao":"PROJETO DE LEI N\u00ba  02/2020\r\nAtualiza o valor dos subs\u00eddios dos agentes pol\u00edticos municipais. e d\u00e1 outras provid\u00eancias.","observacao":"O Projeto de Lei n\u00ba 02/2020 aprovou a atualiza\u00e7\u00e3o de subs\u00eddios fixos mensais para vereadores municipais, os demais agentes pol\u00edticos tiveram seus subs\u00eddios atualizados no projeto de lei n\u00ba 03/2020.","resultado":"","texto_original":"http://sapl.piedadedepontenova.mg.leg.br/media/sapl/public/materialegislativa/2020/218/projeto_de_lei_revisao_geral_agentes_politicos_2020.doc","data_ultima_atualizacao":"2020-02-05T09:58:52.443231-03:00","ip":"143.202.52.156","ultima_edicao":null,"tipo":15,"regime_tramitacao":1,"tipo_origem_externa":null,"local_origem_externa":null,"user":1,"anexadas":[],"autores":[15]}