{"id":192,"__str__":"Administrativa n\u00ba 1 de 2019","link_detail_backend":"/materia/192","metadata":{},"numero":1,"ano":2019,"numero_protocolo":null,"data_apresentacao":"2019-09-17","tipo_apresentacao":"E","data_publicacao":null,"numero_origem_externa":"","ano_origem_externa":null,"data_origem_externa":null,"apelido":"","dias_prazo":null,"data_fim_prazo":null,"em_tramitacao":false,"polemica":true,"objeto":"","complementar":false,"ementa":"COMISS\u00c3O DE FINAN\u00c7AS, JUSTI\u00c7A E LEGISLA\u00c7\u00c3O\r\nPROCESSO DE CASSA\u00c7\u00c3O DE MANDATO DE VEREADOR N\u00ba 001/2019\r\nPARECER","indexacao":"COMISS\u00c3O DE FINAN\u00c7AS, JUSTI\u00c7A E LEGISLA\u00c7\u00c3O\r\nPROCESSO DE CASSA\u00c7\u00c3O DE MANDATO DE VEREADOR N\u00ba 001/2019\r\nPARECER","observacao":"","resultado":"","texto_original":"http://sapl.piedadedepontenova.mg.leg.br/media/sapl/public/materialegislativa/2019/192/parecer_cfjl_-_admissibilidade_da_denuncia_3.doc","data_ultima_atualizacao":"2019-09-18T15:20:19.861587-03:00","ip":"170.83.68.96","ultima_edicao":null,"tipo":1,"regime_tramitacao":2,"tipo_origem_externa":null,"local_origem_externa":null,"user":1,"anexadas":[],"autores":[18]}