{"id":168,"__str__":"Indica\u00e7\u00e3o n\u00ba 25 de 2019","link_detail_backend":"/materia/168","metadata":{},"numero":25,"ano":2019,"numero_protocolo":null,"data_apresentacao":"2019-06-04","tipo_apresentacao":"E","data_publicacao":null,"numero_origem_externa":"","ano_origem_externa":null,"data_origem_externa":null,"apelido":"","dias_prazo":null,"data_fim_prazo":null,"em_tramitacao":false,"polemica":null,"objeto":"","complementar":null,"ementa":"- Indica\u00e7\u00e3o n\u00ba 025/2019 \u2013 autoria Vereador Fl\u00e1vio Magalh\u00e3es da Cruz, que indica  ao Executivo Municipal de envio de projeto de lei para ampliar aux\u00edlio aos trabalhadores;","indexacao":"- Indica\u00e7\u00e3o n\u00ba 025/2019 \u2013 autoria Vereador Fl\u00e1vio Magalh\u00e3es da Cruz, que indica  ao Executivo Municipal de envio de projeto de lei para ampliar aux\u00edlio aos trabalhadores;","observacao":"","resultado":"","texto_original":null,"data_ultima_atualizacao":"2019-06-14T10:00:49.307280-03:00","ip":"170.83.68.96","ultima_edicao":null,"tipo":6,"regime_tramitacao":1,"tipo_origem_externa":null,"local_origem_externa":null,"user":1,"anexadas":[],"autores":[6]}