{"id":164,"__str__":"Requerimento n\u00ba 23 de 2019","link_detail_backend":"/materia/164","metadata":{},"numero":23,"ano":2019,"numero_protocolo":null,"data_apresentacao":"2019-06-04","tipo_apresentacao":"E","data_publicacao":null,"numero_origem_externa":"","ano_origem_externa":null,"data_origem_externa":null,"apelido":"","dias_prazo":null,"data_fim_prazo":null,"em_tramitacao":false,"polemica":null,"objeto":"","complementar":null,"ementa":"-Requerimento n\u00ba 023/2019 \u2013 autoria Vereador Ireni Gessi de Souza Martins \u2013 informa\u00e7\u00f5es do Executivo Municipal sobre a quest\u00e3o salarial dos professores municipais e do PCMSO.","indexacao":"-Requerimento n\u00ba 023/2019 \u2013 autoria Vereador Ireni Gessi de Souza Martins \u2013 informa\u00e7\u00f5es do Executivo Municipal sobre a quest\u00e3o salarial dos professores municipais e do PCMSO.","observacao":"","resultado":"","texto_original":"http://sapl.piedadedepontenova.mg.leg.br/media/sapl/public/materialegislativa/2019/164/requerimento_no023_-_ireni_gessi_de_souza_martins.doc","data_ultima_atualizacao":"2019-06-14T09:47:44.082172-03:00","ip":"170.83.68.96","ultima_edicao":null,"tipo":7,"regime_tramitacao":1,"tipo_origem_externa":null,"local_origem_externa":null,"user":1,"anexadas":[],"autores":[9]}