{"id":162,"__str__":"Requerimento n\u00ba 21 de 2019","link_detail_backend":"/materia/162","metadata":{},"numero":21,"ano":2019,"numero_protocolo":null,"data_apresentacao":"2019-06-04","tipo_apresentacao":"E","data_publicacao":null,"numero_origem_externa":"","ano_origem_externa":null,"data_origem_externa":null,"apelido":"","dias_prazo":null,"data_fim_prazo":null,"em_tramitacao":false,"polemica":null,"objeto":"","complementar":null,"ementa":"-Requerimento n\u00ba 021/2019 \u2013 autoria Vereador Gilberto Paranhos Soares \u2013 crit\u00e9rios de utiliza\u00e7\u00e3o da quadra poliesportiva;","indexacao":"-Requerimento n\u00ba 021/2019 \u2013 autoria Vereador Gilberto Paranhos Soares \u2013 crit\u00e9rios de utiliza\u00e7\u00e3o da quadra poliesportiva;","observacao":"","resultado":"","texto_original":"http://sapl.piedadedepontenova.mg.leg.br/media/sapl/public/materialegislativa/2019/162/requerimento__021_-_utilizacao_da_quadra.doc","data_ultima_atualizacao":"2019-06-14T09:42:02.155522-03:00","ip":"170.83.68.96","ultima_edicao":null,"tipo":7,"regime_tramitacao":1,"tipo_origem_externa":null,"local_origem_externa":null,"user":1,"anexadas":[],"autores":[8]}