{"id":138,"__str__":"Requerimento n\u00ba 11 de 2019","link_detail_backend":"/materia/138","metadata":{},"numero":11,"ano":2019,"numero_protocolo":44,"data_apresentacao":"2019-04-09","tipo_apresentacao":"E","data_publicacao":null,"numero_origem_externa":"","ano_origem_externa":null,"data_origem_externa":null,"apelido":"","dias_prazo":null,"data_fim_prazo":null,"em_tramitacao":false,"polemica":null,"objeto":"","complementar":null,"ementa":"REQUERIMENTO N\u00ba 011/2019\r\n\r\n\r\nPiedade de Ponte Nova, 09 de Abril de 2019\r\n\t\r\nDepois de ouvida a Casa, n\u00f3s os Vereadores abaixo assinados, nos termos do art. 67, XIII, da Lei Org\u00e2nica Municipal, solicitamos que seja encaminhado ao Executivo Municipal o seguinte:\r\n\r\nRequeremos que os respons\u00e1veis pelos trabalhos da Defesa Civil deste Munic\u00edpio de Piedade de Ponte Nova/MG, membros da respectiva comiss\u00e3o, compare\u00e7am a reuni\u00e3o ordin\u00e1ria do dia 23 de abril de 2019, no hor\u00e1rio das 19:00, na sede da C\u00e2mara Municipal a rua Professor Jos\u00e9 S\u00e1tiro de Melo, 85, centro, Piedade de Ponte Nova/MG para prestar informa\u00e7\u00f5es a cerca de  trabalhos desenvolvidos pela Defesa Civil  Municipal.\r\n\r\n\r\n\r\n\r\n\r\nJUSTIFICATIVA\r\n\r\n\t       Eu, Vereador Gilberto Paranhos Soares, ap\u00f3s solicita\u00e7\u00e3o de atua\u00e7\u00e3o da defesa civil nesta cidade e preocupado com o bem-estar de nossa popula\u00e7\u00e3o diante da exist\u00eancia de \u00e1reas de riscos solicito a presen\u00e7a dos membros da Comiss\u00e3o de Defesa Civil deste munic\u00edpio de Piedade de Ponte Nova nos termos da Lei Org\u00e2nica Municipal.      \r\n\r\n\t    \r\n\r\nVereador  Municipal : Vereador Gilberto Paranhos Soares","indexacao":"","observacao":"","resultado":"","texto_original":"http://sapl.piedadedepontenova.mg.leg.br/media/sapl/public/materialegislativa/2019/138/requerimento_no_011_presenca_da_defesa_civil.doc","data_ultima_atualizacao":"2019-04-10T15:37:15.102167-03:00","ip":"","ultima_edicao":null,"tipo":7,"regime_tramitacao":1,"tipo_origem_externa":null,"local_origem_externa":null,"user":null,"anexadas":[],"autores":[8]}