{"id":132,"__str__":"Mo\u00e7\u00e3o de Pesar n\u00ba 7 de 2019","link_detail_backend":"/materia/132","metadata":{},"numero":7,"ano":2019,"numero_protocolo":null,"data_apresentacao":"2019-04-09","tipo_apresentacao":"E","data_publicacao":null,"numero_origem_externa":"","ano_origem_externa":null,"data_origem_externa":null,"apelido":"","dias_prazo":null,"data_fim_prazo":null,"em_tramitacao":false,"polemica":null,"objeto":"","complementar":null,"ementa":"Mo\u00e7\u00e3o de Pesar n\u00ba 007/2019\r\nOs Vereadores, que a presente subscrevem, com assento nesta Egr\u00e9gia Casa de Leis, v\u00eam atrav\u00e9s desta, ap\u00f3s ouvido o Plen\u00e1rio, manifestar sua solidariedade e encaminhar a presente MO\u00c7\u00c3O DE PESAR \u00e0 Fam\u00edlia, pelo falecimento da Sr\u00aa  Eva Rosa Rinco   ocorrido em  21 de Mar\u00e7o de 2019.","indexacao":"Mo\u00e7\u00e3o Pesar Eva Rinco","observacao":"","resultado":"","texto_original":"http://sapl.piedadedepontenova.mg.leg.br/media/sapl/public/materialegislativa/2019/132/mocao_de_pesar_no_007_-_eva_rinco.doc","data_ultima_atualizacao":"2019-04-10T14:55:47.069746-03:00","ip":"","ultima_edicao":null,"tipo":8,"regime_tramitacao":1,"tipo_origem_externa":null,"local_origem_externa":null,"user":null,"anexadas":[],"autores":[4]}