{"id":131,"__str__":"Indica\u00e7\u00e3o n\u00ba 11 de 2019","link_detail_backend":"/materia/131","metadata":{},"numero":11,"ano":2019,"numero_protocolo":35,"data_apresentacao":"2019-04-09","tipo_apresentacao":"E","data_publicacao":null,"numero_origem_externa":"","ano_origem_externa":null,"data_origem_externa":null,"apelido":"","dias_prazo":null,"data_fim_prazo":null,"em_tramitacao":false,"polemica":null,"objeto":"","complementar":null,"ementa":"INDICA\u00c7\u00c3O N\u00ba 011/2019\r\n\r\nPiedade de Ponte Nova, 09 de Abril de 2019\r\n\r\n\r\n\tIndico ao Sr. Prefeito Municipal, ap\u00f3s a devida aprova\u00e7\u00e3o pelo Plen\u00e1rio, que sejam adotadas medidas urgentes para um Plano de Cargos e Sal\u00e1rios para o Magist\u00e9rio Municipal, melhorando os vencimentos dos profissionais da educa\u00e7\u00e3o, especialmente dos professores.","indexacao":"","observacao":"","resultado":"","texto_original":"http://sapl.piedadedepontenova.mg.leg.br/media/sapl/public/materialegislativa/2019/131/indicacao_n._11_-_valorizacao_educacao.doc","data_ultima_atualizacao":"2019-04-10T15:13:26.192204-03:00","ip":"","ultima_edicao":null,"tipo":6,"regime_tramitacao":1,"tipo_origem_externa":null,"local_origem_externa":null,"user":null,"anexadas":[],"autores":[10]}