{"id":85,"__str__":"Mensagem - Nova reda\u00e7\u00e3o de 19/11/2019 por Vereador Gilberto Paranhos Soares","link_detail_backend":"/materia/documentoacessorio/85","metadata":{},"nome":"Nova reda\u00e7\u00e3o","data":"2019-11-19","autor":"Vereador Gilberto Paranhos Soares","ementa":"REQUERIMENTO N\u00ba 033/2019\r\n\r\n\r\n\r\n\r\nExmo. Sr.\r\nAnt\u00f4nio Mayrink Bordoni\r\nDD. Prefeito Municipal\r\n\r\n\r\n\tO Vereador ao final assinado requer, com a aprova\u00e7\u00e3o do Plen\u00e1rio da C\u00e2mara Municipal, com fundamento nos arts. 63 e 95, XXV, da Lei Org\u00e2nica Municipal, bem como no art. 10 da Lei Federal n\u00ba 12.527/11, as seguintes informa\u00e7\u00f5es, com base em den\u00fancia feita pelo cidad\u00e3o Sr. Ledimirson Juv\u00eancio da Silva, na tribuna da C\u00e2mara durante a reuni\u00e3o do dia 01/10/2019:\r\n\r\n\t- que o Chefe do \u00f3rg\u00e3o respons\u00e1vel pelo transporte da Prefeitura vem usando, corriqueiramente, os ve\u00edculos oficiais para fins particulares para si e para a sua fam\u00edlia, conforme j\u00e1 visto, v\u00e1rias vezes, em Ponte Nova, Belo Horizonte e outras localidade. Pede-se informar tamb\u00e9m os procedimentos para controle de uso da frota da Prefeitura;\r\n\t\r\n\r\n\tFica o Sr. Prefeito Municipal advertido que a omiss\u00e3o da resposta tipifica infra\u00e7\u00e3o pol\u00edtico-administrativa prevista no art. 4\u00ba, III, do Decreto-Lei n\u00ba 201/67.\r\n\r\n\t\tPiedade de Ponte Nova,  19 de novembro de 2019.\r\n\r\n\r\n\r\n\r\nVereador Gilberto Paranhos Soares\r\nPresidente","indexacao":"","arquivo":"http://sapl.piedadedepontenova.mg.leg.br/media/sapl/public/documentoacessorio/2019/85/requerimento_no_033_-_retirada__de_redacao.doc","data_ultima_atualizacao":"2019-11-21T15:35:49.669649-03:00","materia":203,"tipo":10}