{"id":64,"__str__":"Mensagem - Mensagem de 12/09/2019 por Vereadores Municipais","link_detail_backend":"/materia/documentoacessorio/64","metadata":{},"nome":"Mensagem","data":"2019-09-12","autor":"Vereadores Municipais","ementa":"Mo\u00e7\u00e3o de Pesar n\u00ba 014/2019\r\nOs Vereadores, que a presente subscrevem, com assento nesta Egr\u00e9gia Casa de Leis, v\u00eam atrav\u00e9s desta, ap\u00f3s ouvido o Plen\u00e1rio, manifestar sua solidariedade e encaminhar a presente MO\u00c7\u00c3O DE PESAR \u00e0 Fam\u00edlia, pelo falecimento do Sr. JOS\u00c9 GERALDO FERREIRA  ocorrido em  22 DE agosto de 2019.","indexacao":"","arquivo":"http://sapl.piedadedepontenova.mg.leg.br/media/sapl/public/documentoacessorio/2019/64/mocao_de_pesar_no_014_-_ireni_gessi_e_antonio_martins.doc","data_ultima_atualizacao":"2019-09-17T13:48:57.442401-03:00","materia":190,"tipo":10}