{"id":415,"__str__":"Mensagem - Reda\u00e7\u00e3o final de 17/10/2025 por Vereador Municipal","link_detail_backend":"/materia/documentoacessorio/415","metadata":{},"nome":"Reda\u00e7\u00e3o final","data":"2025-10-17","autor":"Vereador Municipal","ementa":"MO\u00c7\u00c3O DE CONGRATULA\u00c7\u00c3O \r\nN\u00ba 008/2025\r\nAutor: Vereador Rodrigo Cristino da Silva \r\nAssunto:   A C\u00e2mara Municipal de Piedade de Ponte Nova \u2013 MG, no uso de suas atribui\u00e7\u00f5es legais e regimentais, apresenta MO\u00c7\u00c3O DE CONGRATULA\u00c7\u00c3O aos m\u00fasicos da Corpora\u00e7\u00e3o Musical Jos\u00e9 Ferreira Gomes, sob a reg\u00eancia do Maestro Rog\u00e9rio Campos, pela brilhante participa\u00e7\u00e3o na Prociss\u00e3o de Nossa Senhora da Piedade, realizada no dia 15 de setembro de 2025, evento que integra as tradicionais celebra\u00e7\u00f5es religiosas e culturais de nosso munic\u00edpio.","indexacao":"MO\u00c7\u00c3O DE CONGRATULA\u00c7\u00c3O \r\nN\u00ba 008/2025\r\nAutor: Vereador Rodrigo Cristino da Silva \r\nAssunto:   A C\u00e2mara Municipal de Piedade de Ponte Nova \u2013 MG, no uso de suas atribui\u00e7\u00f5es legais e regimentais, apresenta MO\u00c7\u00c3O DE CONGRATULA\u00c7\u00c3O aos m\u00fasicos da Corpora\u00e7\u00e3o Musical Jos\u00e9 Ferreira Gomes, sob a reg\u00eancia do Maestro Rog\u00e9rio Campos, pela brilhante participa\u00e7\u00e3o na Prociss\u00e3o de Nossa Senhora da Piedade, realizada no dia 15 de setembro de 2025, evento que integra as tradicionais celebra\u00e7\u00f5es religiosas e culturais de nosso munic\u00edpio.","arquivo":"http://sapl.piedadedepontenova.mg.leg.br/media/sapl/public/documentoacessorio/2025/415/mocao_008.pdf","data_ultima_atualizacao":"2025-10-17T14:40:00.362174-03:00","materia":632,"tipo":10}