{"id":392,"__str__":"Parecer - Reda\u00e7\u00e3o final de 17/09/2025 por Assessoria Jur\u00eddica","link_detail_backend":"/materia/documentoacessorio/392","metadata":{},"nome":"Reda\u00e7\u00e3o final","data":"2025-09-17","autor":"Assessoria Jur\u00eddica","ementa":"Parecer Jur\u00eddico","indexacao":"Parecer Jur\u00eddico","arquivo":"http://sapl.piedadedepontenova.mg.leg.br/media/sapl/public/documentoacessorio/2025/392/parecer_conclusivo_plc_089.docx","data_ultima_atualizacao":"2025-09-17T14:51:08.564290-03:00","materia":613,"tipo":6}