{"id":357,"__str__":"Mensagem - Mensagem de 19/05/2025 por Vereador Municipal","link_detail_backend":"/materia/documentoacessorio/357","metadata":{},"nome":"Mensagem","data":"2025-05-19","autor":"Vereador Municipal","ementa":"Indica\u00e7\u00e3o N\u00ba 47/ 2025\r\nAutor: Vereador Euclides Rodger Moreira da Veiga\r\nAssunto: Solicita ao Executivo Municipal a instala\u00e7\u00e3o de postes de ilumina\u00e7\u00e3o p\u00fablica no final da Rua Rafael Corcini, neste munic\u00edpio.\r\n\r\nINDICA\u00c7\u00c3O:\r\nO Vereador que esta subscreve, no uso de suas atribui\u00e7\u00f5es legais e regimentais, vem respeitosamente indicar ao Excelent\u00edssimo Senhor Prefeito Municipal que seja providenciada a instala\u00e7\u00e3o de postes de ilumina\u00e7\u00e3o p\u00fablica na regi\u00e3o localizada no final da Rua Rafael Corcini, em Piedade de Ponte Nova \u2013 MG.","indexacao":"Indica\u00e7\u00e3o N\u00ba 47/ 2025\r\nAutor: Vereador Euclides Rodger Moreira da Veiga\r\nAssunto: Solicita ao Executivo Municipal a instala\u00e7\u00e3o de postes de ilumina\u00e7\u00e3o p\u00fablica no final da Rua Rafael Corcini, neste munic\u00edpio.\r\n\r\nINDICA\u00c7\u00c3O:\r\nO Vereador que esta subscreve, no uso de suas atribui\u00e7\u00f5es legais e regimentais, vem respeitosamente indicar ao Excelent\u00edssimo Senhor Prefeito Municipal que seja providenciada a instala\u00e7\u00e3o de postes de ilumina\u00e7\u00e3o p\u00fablica na regi\u00e3o localizada no final da Rua Rafael Corcini, em Piedade de Ponte Nova \u2013 MG.","arquivo":"http://sapl.piedadedepontenova.mg.leg.br/media/sapl/public/documentoacessorio/2025/357/indicacao_no_47__euclides_iluminacao_rua_rafaelcorcin_1.docx","data_ultima_atualizacao":"2025-05-19T14:41:34.273187-03:00","materia":588,"tipo":10}