{"id":291,"__str__":"Mensagem - Justificativa de 19/06/2023 por Vereador Municipal","link_detail_backend":"/materia/documentoacessorio/291","metadata":{},"nome":"Justificativa","data":"2023-06-19","autor":"Vereador Municipal","ementa":"Mo\u00e7\u00e3o de Pesar n\u00ba 005/2023\r\nOs Vereadores, que a presente subscrevem, com assento nesta Egr\u00e9gia Casa de Leis, v\u00eam atrav\u00e9s desta, ap\u00f3s ouvido o Plen\u00e1rio, manifestar sua solidariedade e encaminhar a presente MO\u00c7\u00c3O DE PESAR \u00e0 Fam\u00edlia, pelo falecimento do Sr. Jos\u00e9 Proc\u00f3pio Moraes  ocorrido em 21 de maio de 2023.","indexacao":"Mo\u00e7\u00e3o de Pesar n\u00ba 005/2023\r\nOs Vereadores, que a presente subscrevem, com assento nesta Egr\u00e9gia Casa de Leis, v\u00eam atrav\u00e9s desta, ap\u00f3s ouvido o Plen\u00e1rio, manifestar sua solidariedade e encaminhar a presente MO\u00c7\u00c3O DE PESAR \u00e0 Fam\u00edlia, pelo falecimento do Sr. Jos\u00e9 Proc\u00f3pio Moraes  ocorrido em 21 de maio de 2023.","arquivo":"http://sapl.piedadedepontenova.mg.leg.br/media/sapl/public/documentoacessorio/2023/291/mocao_de_pesar_no_005_-_moraes.pdf","data_ultima_atualizacao":"2023-06-19T15:58:04.527917-03:00","materia":448,"tipo":10}