{"id":288,"__str__":"Mensagem - Justificativa de 05/06/2023 por Vereador Fl\u00e1vio Magalhaes da Cruz","link_detail_backend":"/materia/documentoacessorio/288","metadata":{},"nome":"Justificativa","data":"2023-06-05","autor":"Vereador Fl\u00e1vio Magalhaes da Cruz","ementa":"Mo\u00e7\u00e3o de Pesar n\u00ba 004/2023\r\nOs Vereadores, que a presente subscrevem, com assento nesta Egr\u00e9gia Casa de Leis, v\u00eam atrav\u00e9s desta, ap\u00f3s ouvido o Plen\u00e1rio, manifestar sua solidariedade e encaminhar a presente MO\u00c7\u00c3O DE PESAR \u00e0 Fam\u00edlia, pelo falecimento da Sr\u00aa Auxiliadora Gomes Barbosa  ocorrido em 12 de maio de 2023.","indexacao":"Mo\u00e7\u00e3o de Pesar n\u00ba 004/2023\r\nOs Vereadores, que a presente subscrevem, com assento nesta Egr\u00e9gia Casa de Leis, v\u00eam atrav\u00e9s desta, ap\u00f3s ouvido o Plen\u00e1rio, manifestar sua solidariedade e encaminhar a presente MO\u00c7\u00c3O DE PESAR \u00e0 Fam\u00edlia, pelo falecimento da Sr\u00aa Auxiliadora Gomes Barbosa  ocorrido em 12 de maio de 2023.","arquivo":"http://sapl.piedadedepontenova.mg.leg.br/media/sapl/public/documentoacessorio/2023/288/mocao_de_pesar_004_de_2023.doc","data_ultima_atualizacao":"2023-06-05T14:23:42.742565-03:00","materia":444,"tipo":10}