{"id":265,"__str__":"Mensagem - Justificativa de 20/03/2023 por Vereador Ricardo Luiz da Silva Ravaiano","link_detail_backend":"/materia/documentoacessorio/265","metadata":{},"nome":"Justificativa","data":"2023-03-20","autor":"Vereador Ricardo Luiz da Silva Ravaiano","ementa":"Mo\u00e7\u00e3o de pesar n\u00ba 001/2023\r\nOs Vereadores Municipais que a presente subscrevem, com assento nesta Egr\u00e9gia C\u00e2mara Municipal de Piedade de Ponte Nova/MG, vem atrav\u00e9s desta, ap\u00f3s ouvido o Plen\u00e1rio, manifestar a sua solidariedade e encaminhar a presente Mo\u00e7\u00e3o de Pesar \u00e0 Fam\u00edlia  pelo falecimento da Sr\u00aa Maria J\u00falia da Cruz, ocorrido em 03 de mar\u00e7o de 2023.","indexacao":"Mo\u00e7\u00e3o de pesar n\u00ba 001/2023\r\nOs Vereadores Municipais que a presente subscrevem, com assento nesta Egr\u00e9gia C\u00e2mara Municipal de Piedade de Ponte Nova/MG, vem atrav\u00e9s desta, ap\u00f3s ouvido o Plen\u00e1rio, manifestar a sua solidariedade e encaminhar a presente Mo\u00e7\u00e3o de Pesar \u00e0 Fam\u00edlia  pelo falecimento da Sr\u00aa Maria J\u00falia da Cruz, ocorrido em 03 de mar\u00e7o de 2023.","arquivo":"http://sapl.piedadedepontenova.mg.leg.br/media/sapl/public/documentoacessorio/2023/265/mocao_de_pesar_no_001_de_2023.docx","data_ultima_atualizacao":"2023-03-20T16:16:19.324774-03:00","materia":422,"tipo":10}