{"id":243,"__str__":"Mensagem - Justificativa de 04/10/2022 por Vereadora Ireni Gessi de Souza Martins","link_detail_backend":"/materia/documentoacessorio/243","metadata":{},"nome":"Justificativa","data":"2022-10-04","autor":"Vereadora Ireni Gessi de Souza Martins","ementa":"Mo\u00e7\u00e3o de Pesar n\u00ba 013/2021\r\nOs Vereadores, que a presente subscrevem, com assento nesta Egr\u00e9gia Casa de Leis, v\u00eam atrav\u00e9s desta, ap\u00f3s ouvido o Plen\u00e1rio, manifestar sua solidariedade e encaminhar a presente MO\u00c7\u00c3O DE PESAR \u00e0 Fam\u00edlia, pelo falecimento do  Sr. \tRODRIGO VIANA RABELLO  ocorrido em 13 de Setembro de 2021.","indexacao":"Mo\u00e7\u00e3o de Pesar n\u00ba 013/2021\r\nOs Vereadores, que a presente subscrevem, com assento nesta Egr\u00e9gia Casa de Leis, v\u00eam atrav\u00e9s desta, ap\u00f3s ouvido o Plen\u00e1rio, manifestar sua solidariedade e encaminhar a presente MO\u00c7\u00c3O DE PESAR \u00e0 Fam\u00edlia, pelo falecimento do  Sr. \tRODRIGO VIANA RABELLO  ocorrido em 13 de Setembro de 2021.","arquivo":"http://sapl.piedadedepontenova.mg.leg.br/media/sapl/public/documentoacessorio/2022/243/mocao_de_pesar_no_013_-_rodrigo.docx","data_ultima_atualizacao":"2022-10-04T13:24:34.463466-03:00","materia":401,"tipo":10}