{"id":235,"__str__":"Mensagem - Justificativa de 23/08/2022 por Vereador Elvis Luciano Batista de Souza","link_detail_backend":"/materia/documentoacessorio/235","metadata":{},"nome":"Justificativa","data":"2022-08-23","autor":"Vereador Elvis Luciano Batista de Souza","ementa":"Mo\u00e7\u00e3o de Pesar n\u00ba 008/2022\r\nOs Vereadores, que a presente subscrevem, com assento nesta Egr\u00e9gia Casa de Leis, v\u00eam atrav\u00e9s desta, ap\u00f3s ouvido o Plen\u00e1rio, manifestar sua solidariedade e encaminhar a presente MO\u00c7\u00c3O DE PESAR \u00e0 Fam\u00edlia, pelo falecimento da  Sr\u00aa. IZANY HELENA DE SOUZA, ocorrido em 27 de julho de 2022.","indexacao":"Mo\u00e7\u00e3o de Pesar n\u00ba 008/2022\r\nOs Vereadores, que a presente subscrevem, com assento nesta Egr\u00e9gia Casa de Leis, v\u00eam atrav\u00e9s desta, ap\u00f3s ouvido o Plen\u00e1rio, manifestar sua solidariedade e encaminhar a presente MO\u00c7\u00c3O DE PESAR \u00e0 Fam\u00edlia, pelo falecimento da  Sr\u00aa. IZANY HELENA DE SOUZA, ocorrido em 27 de julho de 2022.","arquivo":"http://sapl.piedadedepontenova.mg.leg.br/media/sapl/public/documentoacessorio/2022/235/mocao_de_pesar_no_008_-_familia_de_izany.docx","data_ultima_atualizacao":"2022-08-23T14:51:43.613632-03:00","materia":393,"tipo":10}