{"id":234,"__str__":"Mensagem - Justificativa de 23/08/2022 por Vereadores Diversos","link_detail_backend":"/materia/documentoacessorio/234","metadata":{},"nome":"Justificativa","data":"2022-08-23","autor":"Vereadores Diversos","ementa":"Mo\u00e7\u00e3o de Pesar n\u00ba 007/2022\r\nOs Vereadores, que a presente subscrevem, com assento nesta Egr\u00e9gia Casa de Leis, v\u00eam atrav\u00e9s desta, ap\u00f3s ouvido o Plen\u00e1rio, manifestar sua solidariedade e encaminhar a presente MO\u00c7\u00c3O DE PESAR \u00e0 Fam\u00edlia, pelo falecimento do Sr. OTAC\u00cdLIO DAS GRA\u00c7AS VIEIRA, ocorrido em 22 de julho de 2022.","indexacao":"Mo\u00e7\u00e3o de Pesar n\u00ba 007/2022\r\nOs Vereadores, que a presente subscrevem, com assento nesta Egr\u00e9gia Casa de Leis, v\u00eam atrav\u00e9s desta, ap\u00f3s ouvido o Plen\u00e1rio, manifestar sua solidariedade e encaminhar a presente MO\u00c7\u00c3O DE PESAR \u00e0 Fam\u00edlia, pelo falecimento do Sr. OTAC\u00cdLIO DAS GRA\u00c7AS VIEIRA, ocorrido em 22 de julho de 2022.","arquivo":"http://sapl.piedadedepontenova.mg.leg.br/media/sapl/public/documentoacessorio/2022/234/mocao_de_pesar_no_007_-_familia_de_otacilio_das_gracas_vieira.docx","data_ultima_atualizacao":"2022-08-23T14:49:43.040040-03:00","materia":392,"tipo":10}