{"id":20,"__str__":"Adm - Mo\u00e7\u00e3o de pesar de 19/03/2018 por Elvis Luciano Batista de Souza","link_detail_backend":"/materia/documentoacessorio/20","metadata":{},"nome":"Mo\u00e7\u00e3o de pesar","data":"2018-03-19","autor":"Elvis Luciano Batista de Souza","ementa":"ESTADO DE MINAS GERAIS\r\nRua Professor Jos\u00e9 S\u00e1tiro de Melo, n\u00ba 85, Centro\r\nTelefax (31) 3871-5110\r\n\r\n\r\nMo\u00e7\u00e3o de Pesar n\u00ba 002/2018\r\nOs Vereadores, que a presente subscrevem, com assento nesta Egr\u00e9gia Casa de Leis, v\u00eam atrav\u00e9s desta, ap\u00f3s ouvido o Plen\u00e1rio, manifestar sua solidariedade e encaminhar a presente MO\u00c7\u00c3O DE PESAR \u00e0 Fam\u00edlia  Ventura Gon\u00e7alves, pelo falecimento da Sr\u00aa Edith Ventura Gon\u00e7alves, ocorrido no dia 28 de fevereiro de 2018.\r\n\r\nMensagem\r\nFaleceu no dia 28 de fevereiro do corrente ano, a Senhora Edith Ventura Gon\u00e7alves, deixando  11 (onze) filhos, 18 (dezoito) netos e 12 (doze) bisnetos. Residia no Munic\u00edpio de Belo Horizonte/MG. Pessoa bastante conhecida e respeitada por sua conduta de dedica\u00e7\u00e3o \u00e0 fam\u00edlia e a comunidade. Sua aus\u00eancia deixa desolados seus familiares, amigos e conhecidos, nos deixando como exemplo seu modelo de vida enquanto cidad\u00e3 de bem, de f\u00e9 e alicerce  da fam\u00edlia.\r\nSua morte, enluta n\u00e3o somente seus familiares e amigos, mas toda a sociedade que lamenta a perda de um cidad\u00e3 exemplar na honestidade, no car\u00e1ter e na honra.\r\nAos seus familiares, principalmente seus filhos, nossas sinceras condol\u00eancias reiterando que esta C\u00e2mara n\u00e3o poderia deixar de se associar ao seu pesar. Manifestamos nosso profundo respeito e rogando a Deus que traga conforto aos cora\u00e7\u00f5es enlutados. Desejamos que a paz, o consolo e a for\u00e7a da f\u00e9 reinem no meio de todos, primando o amor a Deus sobre todas as coisas para que D\u00aa Edith Ventura Gon\u00e7alves descanse em paz.\r\n\r\nSala de Sess\u00f5es da C\u00e2mara de Vereadores de Piedade de Ponte Nova, Estado do Minas Gerais, em 20 de Mar\u00e7o de 2018.\r\n\r\n\r\nElvis Luciano Batista de Souza \u2013 Vereador\r\n\r\n\r\nC\u00c2MARA MUNICIPAL PIEDADE DE PONTE NOVA\r\nESTADO DE MINAS GERAIS\r\nRua Professor Jos\u00e9 S\u00e1tiro de Melo, n\u00ba 85, Centro\r\nTelefax (31) 3871-5110\r\n\r\n\r\nMo\u00e7\u00e3o de Pesar n\u00ba 001/2018\r\nOs Vereadores, que a presente subscrevem, com assento nesta Egr\u00e9gia Casa de Leis, v\u00eam atrav\u00e9s desta, ap\u00f3s ouvido o Plen\u00e1rio, manifestar sua solidariedade e encaminhar a presente MO\u00c7\u00c3O DE PESAR \u00e0 Fam\u00edlia  Conegundes pelo falecimento da Sr\u00aa  Maria Cust\u00f3dia Conegundes, ocorrido no dia 25 de fevereiro de 2018.\r\n\r\nMensagem\r\nFaleceu no dia 25 de fevereiro do corrente ano, a Senhora Maria Cust\u00f3dia Conegundes, deixando  9 (nove) filhos, 23 (vinte e tr\u00eas) netos e 26 (vinte e seis) bisnetos. Residia neste Munic\u00edpio de Piedade de Ponte Nova/MG. Pessoa bastante conhecida e respeitada por sua conduta de dedica\u00e7\u00e3o \u00e0 fam\u00edlia e a comunidade. Sua aus\u00eancia deixa desolados seus familiares, amigos e conhecidos, nos deixando como exemplo seu modelo de vida enquanto cidad\u00e3 de bem, de f\u00e9 e alicerce da fam\u00edlia.\r\nSua morte, enluta n\u00e3o somente seus familiares e amigos, mas toda a sociedade que lamenta a perda de um cidad\u00e3 exemplar na honestidade, no car\u00e1ter e na honra.\r\nAos seus familiares, principalmente seus filhos, nossas sinceras condol\u00eancias reiterando que esta C\u00e2mara n\u00e3o poderia deixar de se associar ao seu pesar. Manifestamos nosso profundo respeito e rogando a Deus que traga conforto aos cora\u00e7\u00f5es enlutados. Desejamos que a paz, o consolo e a for\u00e7a da f\u00e9 reinem no meio de todos, primando o amor a Deus sobre todas as coisas para que D\u00aa Maria Cust\u00f3dia Conegundes descanse em paz.\r\n\r\nSala de Sess\u00f5es da C\u00e2mara de Vereadores de Piedade de Ponte Nova, Estado do Minas Gerais, em 20 de Mar\u00e7o de 2018.\r\n\r\n\r\nElvis Luciano Batista de Souza - Vereador","indexacao":"","arquivo":"http://sapl.piedadedepontenova.mg.leg.br/media/sapl/public/documentoacessorio/2018/20/mo-o-de-pesar-n-001.doc","data_ultima_atualizacao":"2018-03-19T13:10:20.023057-03:00","materia":46,"tipo":1}