{"id":170,"__str__":"Mensagem - Justificativa de 10/08/2021 por Mesa Diretora","link_detail_backend":"/materia/documentoacessorio/170","metadata":{},"nome":"Justificativa","data":"2021-08-10","autor":"Mesa Diretora","ementa":"Projeto de Lei N\u00ba 017/2021\r\n\r\nDisp\u00f5e sobre a fixa\u00e7\u00e3o dos subs\u00eddios dos Vereadores e Presidente da C\u00e2mara Municipal de Piedade de Ponte Nova, para a Legislatura 2025/2028 e d\u00e1 outras provid\u00eancias.","indexacao":"Projeto de Lei N\u00ba 017/2021\r\nDisp\u00f5e sobre a fixa\u00e7\u00e3o dos subs\u00eddios dos Vereadores e Presidente da C\u00e2mara Municipal de Piedade de Ponte Nova, para a Legislatura 2025/2028 e d\u00e1 outras provid\u00eancias.","arquivo":"http://sapl.piedadedepontenova.mg.leg.br/media/sapl/public/documentoacessorio/2021/170/projeto_de_lei_subsidio__vereador_1.docx","data_ultima_atualizacao":"2021-08-10T15:54:00.699831-03:00","materia":324,"tipo":10}