{"id":165,"__str__":"Mensagem - Justificativa de 10/08/2021 por Vereadora Ireni Gessi de Souza Martins","link_detail_backend":"/materia/documentoacessorio/165","metadata":{},"nome":"Justificativa","data":"2021-08-10","autor":"Vereadora Ireni Gessi de Souza Martins","ementa":"Mo\u00e7\u00e3o de Pesar n\u00ba 006/2021\r\nOs Vereadores, que a presente subscrevem, com assento nesta Egr\u00e9gia Casa de Leis, v\u00eam atrav\u00e9s desta, ap\u00f3s ouvido o Plen\u00e1rio, manifestar sua solidariedade e encaminhar a presente MO\u00c7\u00c3O DE PESAR \u00e0 Fam\u00edlia, pelo falecimento da   Sr\u00aa. MARIA DO ROS\u00c1RIO, ocorrido em 12 de junho de 2021.","indexacao":"Mo\u00e7\u00e3o de Pesar n\u00ba 006/2021\r\nOs Vereadores, que a presente subscrevem, com assento nesta Egr\u00e9gia Casa de Leis, v\u00eam atrav\u00e9s desta, ap\u00f3s ouvido o Plen\u00e1rio, manifestar sua solidariedade e encaminhar a presente MO\u00c7\u00c3O DE PESAR \u00e0 Fam\u00edlia, pelo falecimento da   Sr\u00aa. MARIA DO ROS\u00c1RIO, ocorrido em 12 de junho de 2021.","arquivo":"http://sapl.piedadedepontenova.mg.leg.br/media/sapl/public/documentoacessorio/2021/165/mocao_de_pesar_no_006_-_rosario_-_autoria_ireni_gessi_de_souza_martins.docx","data_ultima_atualizacao":"2021-08-09T14:01:44.295799-03:00","materia":319,"tipo":10}