{"id":164,"__str__":"Mensagem - Justificativa de 23/07/2021 por Prefeito Municipal","link_detail_backend":"/materia/documentoacessorio/164","metadata":{},"nome":"Justificativa","data":"2021-07-23","autor":"Prefeito Municipal","ementa":"Projeto de Lei Complementar n\u00ba 015 de 22 de julho de 2021\r\nRenumerado para Projeto de Lei Complementar n\u00ba 056/2021\r\nDisp\u00f5e sobre denomina\u00e7\u00e3o de vias p\u00fablicas e delimita\u00e7\u00e3o de bairros da zona urbana da sede do Munic\u00edpio de Piedade de Ponte Nova","indexacao":"Projeto de Lei Complementar n\u00ba 015 de 22 de julho de 2021\r\nRenumerado para Projeto de Lei Complementar n\u00ba 056/2021\r\nDisp\u00f5e sobre denomina\u00e7\u00e3o de vias p\u00fablicas e delimita\u00e7\u00e3o de bairros da zona urbana da sede do Munic\u00edpio de Piedade de Ponte Nova","arquivo":"http://sapl.piedadedepontenova.mg.leg.br/media/sapl/public/documentoacessorio/2021/164/denominacao_ruas_e_limitacao_bairros_-_piedade_de_ponte_nova_-_projeto_de_lei_no_017.docx","data_ultima_atualizacao":"2021-07-23T13:23:01.962537-03:00","materia":318,"tipo":10}