{"id":145,"__str__":"Mensagem - Justificativa de 15/03/2021 por vereador municipal","link_detail_backend":"/materia/documentoacessorio/145","metadata":{},"nome":"Justificativa","data":"2021-03-15","autor":"vereador municipal","ementa":"MO\u00c7\u00c3O DE REP\u00daDIO N\u00ba001/2021\r\n\r\nSenhor Presidente\r\nSenhores Vereadores\r\n\r\n A  Vereadora, que a presente subscreve, com assento nesta Egr\u00e9gia Casa de Leis, vem atrav\u00e9s desta, depois de ouvido o Plen\u00e1rio, requer que seja encaminhado  a MO\u00c7\u00c3O DE REP\u00daDIO  ao Presidente da Rep\u00fablica, Presidente do Senado Federal, Presidente da C\u00e2mara dos Deputados,  Ministro da Economia e  demais Casas Legislativas, manifestando Rep\u00fadio \u00e0 Proposta de Emenda \u00e0 Constitui\u00e7\u00e3o (PEC) 186/2019, quanto a todas as restri\u00e7\u00f5es colocadas pela PEC a estados e munic\u00edpio quanto \u00e0 despesas com pessoal.","indexacao":"MO\u00c7\u00c3O DE REP\u00daDIO N\u00ba001/2021\r\n\r\n\r\n A  Vereadora, que a presente subscreve, com assento nesta Egr\u00e9gia Casa de Leis, vem atrav\u00e9s desta, depois de ouvido o Plen\u00e1rio, requer que seja encaminhado  a MO\u00c7\u00c3O DE REP\u00daDIO  ao Presidente da Rep\u00fablica, Presidente do Senado Federal, Presidente da C\u00e2mara dos Deputados,  Ministro da Economia e  demais Casas Legislativas, manifestando Rep\u00fadio \u00e0 Proposta de Emenda \u00e0 Constitui\u00e7\u00e3o (PEC) 186/2019, quanto a todas as restri\u00e7\u00f5es colocadas pela PEC a estados e munic\u00edpio quanto \u00e0 despesas com pessoal.","arquivo":null,"data_ultima_atualizacao":"2021-03-15T13:59:00.025925-03:00","materia":282,"tipo":10}