{"id":136,"__str__":"Mensagem - Mensagem de 14/12/2020 por Vereador Jo\u00e3o Carlos Silveira Pereira","link_detail_backend":"/materia/documentoacessorio/136","metadata":{},"nome":"Mensagem","data":"2020-12-14","autor":"Vereador Jo\u00e3o Carlos Silveira Pereira","ementa":"Mo\u00e7\u00e3o de Pesar n\u00ba 017/2020\r\nOs Vereadores, que a presente subscrevem, com assento nesta Egr\u00e9gia Casa de Leis, v\u00eam atrav\u00e9s desta, ap\u00f3s ouvido o Plen\u00e1rio, manifestar sua solidariedade e encaminhar a presente MO\u00c7\u00c3O DE PESAR \u00e0 Fam\u00edlia, pelo falecimento  do Sr. Pablo Jos\u00e9 Martins, ocorrido em 05 de Novembro de 2020.","indexacao":"Mo\u00e7\u00e3o de Pesar n\u00ba 017/2020\r\nOs Vereadores, que a presente subscrevem, com assento nesta Egr\u00e9gia Casa de Leis, v\u00eam atrav\u00e9s desta, ap\u00f3s ouvido o Plen\u00e1rio, manifestar sua solidariedade e encaminhar a presente MO\u00c7\u00c3O DE PESAR \u00e0 Fam\u00edlia, pelo falecimento  do Sr. Pablo Jos\u00e9 Martins, ocorrido em 05 de Novembro de 2020.","arquivo":"http://sapl.piedadedepontenova.mg.leg.br/media/sapl/public/documentoacessorio/2020/136/mocao_de_pesar_no_017_-_autoria_joao_carlos_silveira_pereira.doc","data_ultima_atualizacao":"2020-12-14T09:43:49.865514-03:00","materia":265,"tipo":10}