{"id":129,"__str__":"Mensagem - Mensagem na \u00edntegra de 10/11/2020 por Vereador Municipal Jo\u00e3o Carlos Silveira Pereira","link_detail_backend":"/materia/documentoacessorio/129","metadata":{},"nome":"Mensagem na \u00edntegra","data":"2020-11-10","autor":"Vereador Municipal Jo\u00e3o Carlos Silveira Pereira","ementa":"Mo\u00e7\u00e3o de Pesar n\u00ba 013/2020\r\nOs Vereadores, que a presente subscrevem, com assento nesta Egr\u00e9gia Casa de Leis, v\u00eam atrav\u00e9s desta, ap\u00f3s ouvido o Plen\u00e1rio, manifestar sua solidariedade e encaminhar a presente MO\u00c7\u00c3O DE PESAR \u00e0 Fam\u00edlia, pelo falecimento de Miri\u00e3 L\u00edria Ottoni de Oliveira,  ocorrido em 26 de Outubro de 2020.","indexacao":"Mo\u00e7\u00e3o de Pesar n\u00ba 013/2020\r\nOs Vereadores, que a presente subscrevem, com assento nesta Egr\u00e9gia Casa de Leis, v\u00eam atrav\u00e9s desta, ap\u00f3s ouvido o Plen\u00e1rio, manifestar sua solidariedade e encaminhar a presente MO\u00c7\u00c3O DE PESAR \u00e0 Fam\u00edlia, pelo falecimento de Miri\u00e3 L\u00edria Ottoni de Oliveira,  ocorrido em 26 de Outubro de 2020.","arquivo":"http://sapl.piedadedepontenova.mg.leg.br/media/sapl/public/documentoacessorio/2020/129/mocao_de_pesar_no_013_autoria_vereador_joao_carlos_silveira_pereira.doc","data_ultima_atualizacao":"2020-11-09T15:24:55.345405-03:00","materia":259,"tipo":10}