{"id":745,"__str__":"Autoria: Domingos Jos\u00e9 Vieira (Ded\u00ea) - Vereador Municipal - Mo\u00e7\u00e3o de Aplauso/Congratula\u00e7\u00f5es n\u00ba 6 de 2025","link_detail_backend":"/materia/autoria/745","metadata":{},"primeiro_autor":true,"autor":46,"materia":617}